
{"id":2029,"date":"2025-06-04T14:48:28","date_gmt":"2025-06-04T12:48:28","guid":{"rendered":"https:\/\/www.pan-ol.lublin.pl\/?p=2029"},"modified":"2025-06-04T14:55:45","modified_gmt":"2025-06-04T12:55:45","slug":"warsztaty-roznorodnosc-biologiczna-lasow-siedliska-przyrodnicze-z-zal-i-dyrektywy-siedliskowej-siedliska-lesne-i-torfowiskowe","status":"publish","type":"post","link":"https:\/\/oldlublin.pan.pl\/pl\/2025\/06\/04\/warsztaty-roznorodnosc-biologiczna-lasow-siedliska-przyrodnicze-z-zal-i-dyrektywy-siedliskowej-siedliska-lesne-i-torfowiskowe\/","title":{"rendered":"Warsztaty \u201eR\u00f3\u017cnorodno\u015b\u0107 biologiczna las\u00f3w. Siedliska przyrodnicze z Za\u0142. I. Dyrektywy Siedliskowej (siedliska le\u015bne i torfowiskowe)\u201d"},"content":{"rendered":"<p class=\"tekstpodstawowywciety\" style=\"line-height: 150%;\"><span style=\"font-size: 12.0pt; line-height: 150%;\">W dniach 29-30 maja 2025 roku w Poleskim Parku Narodowym, po raz czwarty odby\u0142y si\u0119 warsztaty naukowe pt. \u201eR\u00f3\u017cnorodno\u015b\u0107 biologiczna las\u00f3w. Siedliska przyrodnicze z Za\u0142. I. Dyrektywy Siedliskowej (siedliska le\u015bne i torfowiskowe)\u201d. Organizatorami wydarzenia by\u0142y Polska Akademia Nauk Oddzia\u0142 w Lublinie \u2013 Komisja Ochrony i Kszta\u0142towania \u015arodowiska Przyrodniczego PAN Oddzia\u0142 w Lublinie, Poleski Park Narodowy oraz Uniwersytet Przyrodniczy w Lublinie. <\/span><\/p>\n<p class=\"tekstpodstawowywciety\" style=\"line-height: 150%;\"><span style=\"font-size: 12.0pt; line-height: 150%;\">G\u0142\u00f3wnym celem warsztat\u00f3w by\u0142o zapoznanie uczestnik\u00f3w z r\u00f3\u017cnorodno\u015bci\u0105 biologiczn\u0105 las\u00f3w wyst\u0119puj\u0105cych na terenie Poleskiego Parku Narodowego i okolicznych nadle\u015bnictw. Warsztaty nakierowane by\u0142y na praktyczne umiej\u0119tno\u015bci rozpoznawania i monitoringu wybranych le\u015bnych i niele\u015bnych siedlisk<\/span><\/p>\n<p class=\"tekstpodstawowywciety\" style=\"line-height: 150%;\"><span style=\"font-size: 12.0pt; line-height: 150%;\">przyrodniczych. Uczestnicy mieli okazj\u0119 pog\u0142\u0119bi\u0107 wiedz\u0119 o wybranych siedliskach przyrodniczych oraz monitoringu i waloryzacji tych siedlisk.<\/span><\/p>\n<p class=\"tekstpodstawowywciety\" style=\"line-height: 150%;\"><span style=\"font-size: 12.0pt; line-height: 150%;\">Og\u00f3\u0142em w warsztatach uczestniczy\u0142o 37 os\u00f3b, g\u0142\u00f3wnie studenci reprezentuj\u0105cy r\u00f3\u017cne o\u015brodki naukowe w Polsce, a tak\u017ce pracownicy instytucji zajmuj\u0105cych si\u0119 ochron\u0105 przyrody oraz Poleskiego Parku Narodowego. <\/span><\/p>\n<p class=\"tekstpodstawowywciety\" style=\"line-height: 150%;\"><span style=\"font-size: 12.0pt; line-height: 150%;\">W zwi\u0105zku z bardzo du\u017cym zainteresowaniem i ch\u0119ci\u0105 pog\u0142\u0119biania wiedzy, planowane s\u0105 kolejne Warsztaty Naukowe z cyklu \u201eR\u00f3\u017cnorodno\u015b\u0107 biologiczna las\u00f3w\u201d w 2026 r.<\/span><\/p>\n<p>&nbsp;<\/p>\n<p>Fotorelacja:<\/p>\n<p>&nbsp;<\/p>\n<p><img loading=\"lazy\" class=\"alignnone wp-image-2031 size-full\" src=\"https:\/\/www.pan-ol.lublin.pl\/wp-content\/uploads\/2025\/06\/2RBL.jpg\" alt=\"\" width=\"637\" height=\"317\" srcset=\"https:\/\/oldlublin.pan.pl\/wp-content\/uploads\/2025\/06\/2RBL.jpg 637w, https:\/\/oldlublin.pan.pl\/wp-content\/uploads\/2025\/06\/2RBL-300x149.jpg 300w\" sizes=\"(max-width: 637px) 100vw, 637px\" \/><\/p>\n<p class=\"tekstpodstawowywciety\" style=\"line-height: 150%;\"><span style=\"font-size: 12.0pt; line-height: 150%;\">\u00a0<\/span><\/p>\n<p><img loading=\"lazy\" class=\"alignnone wp-image-2032 size-full\" src=\"https:\/\/www.pan-ol.lublin.pl\/wp-content\/uploads\/2025\/06\/4RBL-rotated.jpg\" alt=\"\" width=\"480\" height=\"640\" srcset=\"https:\/\/oldlublin.pan.pl\/wp-content\/uploads\/2025\/06\/4RBL-rotated.jpg 480w, https:\/\/oldlublin.pan.pl\/wp-content\/uploads\/2025\/06\/4RBL-225x300.jpg 225w\" sizes=\"(max-width: 480px) 100vw, 480px\" \/><\/p>\n<p>&nbsp;<\/p>\n<p><img loading=\"lazy\" class=\"alignnone wp-image-2033 size-full\" src=\"https:\/\/www.pan-ol.lublin.pl\/wp-content\/uploads\/2025\/06\/3RBL-rotated.jpg\" alt=\"\" width=\"480\" height=\"640\" srcset=\"https:\/\/oldlublin.pan.pl\/wp-content\/uploads\/2025\/06\/3RBL-rotated.jpg 480w, https:\/\/oldlublin.pan.pl\/wp-content\/uploads\/2025\/06\/3RBL-225x300.jpg 225w\" sizes=\"(max-width: 480px) 100vw, 480px\" \/><\/p>\n<p>&nbsp;<\/p>\n<p>&nbsp;<\/p>\n","protected":false},"excerpt":{"rendered":"<p>W dniach 29-30 maja 2025 roku w Poleskim Parku Narodowym, po raz czwarty odby\u0142y si\u0119 warsztaty naukowe pt. \u201eR\u00f3\u017cnorodno\u015b\u0107 biologiczna las\u00f3w. Siedliska przyrodnicze z Za\u0142. I. Dyrektywy Siedliskowej (siedliska le\u015bne i torfowiskowe)\u201d. Organizatorami wydarzenia by\u0142y Polska Akademia Nauk Oddzia\u0142 w Lublinie \u2013 Komisja Ochrony i Kszta\u0142towania \u015arodowiska Przyrodniczego PAN Oddzia\u0142 w Lublinie, Poleski Park Narodowy [&hellip;]<\/p>\n","protected":false},"author":2,"featured_media":2033,"comment_status":"open","ping_status":"open","sticky":false,"template":"","format":"standard","meta":[],"categories":[7,1],"tags":[],"_links":{"self":[{"href":"https:\/\/oldlublin.pan.pl\/pl\/wp-json\/wp\/v2\/posts\/2029"}],"collection":[{"href":"https:\/\/oldlublin.pan.pl\/pl\/wp-json\/wp\/v2\/posts"}],"about":[{"href":"https:\/\/oldlublin.pan.pl\/pl\/wp-json\/wp\/v2\/types\/post"}],"author":[{"embeddable":true,"href":"https:\/\/oldlublin.pan.pl\/pl\/wp-json\/wp\/v2\/users\/2"}],"replies":[{"embeddable":true,"href":"https:\/\/oldlublin.pan.pl\/pl\/wp-json\/wp\/v2\/comments?post=2029"}],"version-history":[{"count":4,"href":"https:\/\/oldlublin.pan.pl\/pl\/wp-json\/wp\/v2\/posts\/2029\/revisions"}],"predecessor-version":[{"id":2036,"href":"https:\/\/oldlublin.pan.pl\/pl\/wp-json\/wp\/v2\/posts\/2029\/revisions\/2036"}],"wp:featuredmedia":[{"embeddable":true,"href":"https:\/\/oldlublin.pan.pl\/pl\/wp-json\/wp\/v2\/media\/2033"}],"wp:attachment":[{"href":"https:\/\/oldlublin.pan.pl\/pl\/wp-json\/wp\/v2\/media?parent=2029"}],"wp:term":[{"taxonomy":"category","embeddable":true,"href":"https:\/\/oldlublin.pan.pl\/pl\/wp-json\/wp\/v2\/categories?post=2029"},{"taxonomy":"post_tag","embeddable":true,"href":"https:\/\/oldlublin.pan.pl\/pl\/wp-json\/wp\/v2\/tags?post=2029"}],"curies":[{"name":"wp","href":"https:\/\/api.w.org\/{rel}","templated":true}]}}