
{"id":1786,"date":"2024-11-20T11:32:03","date_gmt":"2024-11-20T10:32:03","guid":{"rendered":"https:\/\/www.pan-ol.lublin.pl\/?p=1786"},"modified":"2024-11-20T11:32:03","modified_gmt":"2024-11-20T10:32:03","slug":"27-listopada-2024-r-57-sesja-zgromadzenia-ogolnego-czlonkow-oddzialu-polskiej-akademii-nauk-w-lublinie","status":"publish","type":"post","link":"https:\/\/oldlublin.pan.pl\/pl\/2024\/11\/20\/27-listopada-2024-r-57-sesja-zgromadzenia-ogolnego-czlonkow-oddzialu-polskiej-akademii-nauk-w-lublinie\/","title":{"rendered":"27 listopada 2024 r. &#8211; 57. Sesja Zgromadzenia Og\u00f3lnego Cz\u0142onk\u00f3w Oddzia\u0142u Polskiej Akademii Nauk w Lublinie"},"content":{"rendered":"<p>57. Sesj\u0119 Zgromadzenia Og\u00f3lnego Cz\u0142onk\u00f3w Oddzia\u0142u Polskiej Akademii Nauk w Lublinie<\/p>\n<p><strong>Termin zebrania: 27 listopada (\u015broda), pocz\u0105tek o godz. 11.00<\/strong><\/p>\n<p><u>Miejsce<\/u>: \u00a0siedziba Oddzia\u0142u, przy ul. Spokojnej 1 w Lublinie, sala CI 100 na parterze.<\/p>\n<p><u>Program Sesji<\/u>:<\/p>\n<ol>\n<li>Otwarcie Zgromadzenia.<\/li>\n<li>Informacja o realizacji zada\u0144 Oddzia\u0142u w 2024 r. &#8211;\u00a0 <em>Prof. Cezary S\u0142awi\u0144ski<\/em><\/li>\n<li>Plany na 2025 r., w tym z\u0142o\u017cone wnioski w ramach dzia\u0142alno\u015bci upowszechniaj\u0105cej nauk\u0119 DUN &#8211;\u00a0 <em>\u00a0Prof. Cezary S\u0142awi\u0144ski<\/em><\/li>\n<li>Og\u0142oszenie wynik\u00f3w konkursu: Nagroda Prezesa Oddzia\u0142u PAN w Lublinie za 2023 r. Wr\u0119czenie Dyplom\u00f3w Nagr\u00f3d<br \/>\ni Wyr\u00f3\u017cnie\u0144.<\/li>\n<li>Wyst\u0105pienia (10-minutowe) Laureat\u00f3w Konkursu:<br \/>\n<em>Bartosz Nie\u015bcior; \u0141ukasz S\u0119czyk, Adrianna Biedrzycka; Ma\u0142gorzata Katarzyna Szafraniec; Paula Z\u0142akowska<\/em><\/li>\n<li>Wolne wnioski.<\/li>\n<\/ol>\n","protected":false},"excerpt":{"rendered":"<p>57. Sesj\u0119 Zgromadzenia Og\u00f3lnego Cz\u0142onk\u00f3w Oddzia\u0142u Polskiej Akademii Nauk w Lublinie Termin zebrania: 27 listopada (\u015broda), pocz\u0105tek o godz. 11.00 Miejsce: \u00a0siedziba Oddzia\u0142u, przy ul. Spokojnej 1 w Lublinie, sala CI 100 na parterze. Program Sesji: Otwarcie Zgromadzenia. Informacja o realizacji zada\u0144 Oddzia\u0142u w 2024 r. &#8211;\u00a0 Prof. Cezary S\u0142awi\u0144ski Plany na 2025 r., w [&hellip;]<\/p>\n","protected":false},"author":2,"featured_media":850,"comment_status":"open","ping_status":"open","sticky":false,"template":"","format":"standard","meta":[],"categories":[7],"tags":[],"_links":{"self":[{"href":"https:\/\/oldlublin.pan.pl\/pl\/wp-json\/wp\/v2\/posts\/1786"}],"collection":[{"href":"https:\/\/oldlublin.pan.pl\/pl\/wp-json\/wp\/v2\/posts"}],"about":[{"href":"https:\/\/oldlublin.pan.pl\/pl\/wp-json\/wp\/v2\/types\/post"}],"author":[{"embeddable":true,"href":"https:\/\/oldlublin.pan.pl\/pl\/wp-json\/wp\/v2\/users\/2"}],"replies":[{"embeddable":true,"href":"https:\/\/oldlublin.pan.pl\/pl\/wp-json\/wp\/v2\/comments?post=1786"}],"version-history":[{"count":1,"href":"https:\/\/oldlublin.pan.pl\/pl\/wp-json\/wp\/v2\/posts\/1786\/revisions"}],"predecessor-version":[{"id":1787,"href":"https:\/\/oldlublin.pan.pl\/pl\/wp-json\/wp\/v2\/posts\/1786\/revisions\/1787"}],"wp:featuredmedia":[{"embeddable":true,"href":"https:\/\/oldlublin.pan.pl\/pl\/wp-json\/wp\/v2\/media\/850"}],"wp:attachment":[{"href":"https:\/\/oldlublin.pan.pl\/pl\/wp-json\/wp\/v2\/media?parent=1786"}],"wp:term":[{"taxonomy":"category","embeddable":true,"href":"https:\/\/oldlublin.pan.pl\/pl\/wp-json\/wp\/v2\/categories?post=1786"},{"taxonomy":"post_tag","embeddable":true,"href":"https:\/\/oldlublin.pan.pl\/pl\/wp-json\/wp\/v2\/tags?post=1786"}],"curies":[{"name":"wp","href":"https:\/\/api.w.org\/{rel}","templated":true}]}}